{"id":16164,"date":"2026-07-14T13:11:03","date_gmt":"2026-07-14T11:11:03","guid":{"rendered":"https:\/\/www.pharis.cz\/blog-en\/pharis-is-moving-to-new-premises\/"},"modified":"2026-07-14T14:26:52","modified_gmt":"2026-07-14T12:26:52","slug":"pharis-is-moving-to-new-premises","status":"publish","type":"post","link":"https:\/\/www.pharis.cz\/en\/blog-en\/pharis-is-moving-to-new-premises\/","title":{"rendered":"PHARIS is moving to new premises!"},"content":{"rendered":"\n<p>Our team and the number of our projects are constantly growing, and we have started to outgrow our current offices at VTP UNIS. Therefore, after many years in Brno&#8217;s \u017dabov\u0159esky district, we are moving to new, larger premises in Kr\u00e1lovo Pole. <\/p>\n\n<p><strong>Starting July 20, 2026, you can find us at our new address: <\/strong><\/p>\n\n<ul class=\"wp-block-list\">\n<li><strong>Bab\u00e1k office (2nd floor)<br\/>Jana Bab\u00e1ka 2733\/11<br\/>612 00 Brno \u2013 Kr\u00e1lovo Pole<\/strong><\/li>\n<\/ul>\n\n<p>Practical Information:<\/p>\n\n<ul class=\"wp-block-list\">\n<li>Mail and deliveries: Please use the new address listed above for all future correspondence.<\/li>\n\n\n\n<li>Billing details: These remain unchanged. Please continue to use our registered headquarters address: Sochorova 3232\/34, \u017dabov\u0159esky, 616 00 Brno.<\/li>\n<\/ul>\n\n<p>Once we settle into our new offices, we will be happy to share some photos with you. Or you can stop by for a cup of coffee right away \u2013 we look forward to seeing you! <\/p>\n","protected":false},"excerpt":{"rendered":"<p>Our team and the number of our projects are constantly growing, and we have started to outgrow our current offices at VTP UNIS. Therefore, after many years in Brno&#8217;s \u017dabov\u0159esky district, we are moving to new, larger premises in Kr\u00e1lovo Pole. Starting July 20, 2026, you can find us at our new address: Practical Information: [&hellip;]<\/p>\n","protected":false},"author":10,"featured_media":16163,"comment_status":"closed","ping_status":"closed","sticky":false,"template":"","format":"standard","meta":{"footnotes":""},"categories":[78],"tags":[],"class_list":["post-16164","post","type-post","status-publish","format-standard","has-post-thumbnail","hentry","category-blog-en"],"yoast_head":"<!-- This site is optimized with the Yoast SEO plugin v28.4 - https:\/\/yoast.com\/product\/yoast-seo-wordpress\/ -->\n<title>PHARIS is moving to new premises! - MES PHARIS<\/title>\n<meta name=\"robots\" content=\"index, follow, max-snippet:-1, max-image-preview:large, max-video-preview:-1\" \/>\n<link rel=\"canonical\" href=\"https:\/\/www.pharis.cz\/en\/blog-en\/pharis-is-moving-to-new-premises\/\" \/>\n<meta property=\"og:locale\" content=\"en_US\" \/>\n<meta property=\"og:type\" content=\"article\" \/>\n<meta property=\"og:title\" content=\"PHARIS is moving to new premises! - MES PHARIS\" \/>\n<meta property=\"og:description\" content=\"Our team and the number of our projects are constantly growing, and we have started to outgrow our current offices at VTP UNIS. Therefore, after many years in Brno&#8217;s \u017dabov\u0159esky district, we are moving to new, larger premises in Kr\u00e1lovo Pole. Starting July 20, 2026, you can find us at our new address: Practical Information: [&hellip;]\" \/>\n<meta property=\"og:url\" content=\"https:\/\/www.pharis.cz\/en\/blog-en\/pharis-is-moving-to-new-premises\/\" \/>\n<meta property=\"og:site_name\" content=\"MES PHARIS\" \/>\n<meta property=\"article:published_time\" content=\"2026-07-14T11:11:03+00:00\" \/>\n<meta property=\"article:modified_time\" content=\"2026-07-14T12:26:52+00:00\" \/>\n<meta property=\"og:image\" content=\"https:\/\/www.pharis.cz\/wp-content\/uploads\/babak-office-budova-1000px-1.jpg\" \/>\n\t<meta property=\"og:image:width\" content=\"780\" \/>\n\t<meta property=\"og:image:height\" content=\"1000\" \/>\n\t<meta property=\"og:image:type\" content=\"image\/jpeg\" \/>\n<meta name=\"author\" content=\"Jaroslav K\u0159ikava\" \/>\n<meta name=\"twitter:card\" content=\"summary_large_image\" \/>\n<meta name=\"twitter:label1\" content=\"Written by\" \/>\n\t<meta name=\"twitter:data1\" content=\"Jaroslav K\u0159ikava\" \/>\n\t<meta name=\"twitter:label2\" content=\"Est. reading time\" \/>\n\t<meta name=\"twitter:data2\" content=\"1 minute\" \/>\n<script type=\"application\/ld+json\" class=\"yoast-schema-graph\">{\"@context\":\"https:\\\/\\\/schema.org\",\"@graph\":[{\"@type\":\"Article\",\"@id\":\"https:\\\/\\\/www.pharis.cz\\\/en\\\/blog-en\\\/pharis-is-moving-to-new-premises\\\/#article\",\"isPartOf\":{\"@id\":\"https:\\\/\\\/www.pharis.cz\\\/en\\\/blog-en\\\/pharis-is-moving-to-new-premises\\\/\"},\"author\":{\"name\":\"Jaroslav K\u0159ikava\",\"@id\":\"https:\\\/\\\/www.pharis.cz\\\/en\\\/#\\\/schema\\\/person\\\/8340f9a2221e4ed84609373a499b7998\"},\"headline\":\"PHARIS is moving to new premises!\",\"datePublished\":\"2026-07-14T11:11:03+00:00\",\"dateModified\":\"2026-07-14T12:26:52+00:00\",\"mainEntityOfPage\":{\"@id\":\"https:\\\/\\\/www.pharis.cz\\\/en\\\/blog-en\\\/pharis-is-moving-to-new-premises\\\/\"},\"wordCount\":140,\"image\":{\"@id\":\"https:\\\/\\\/www.pharis.cz\\\/en\\\/blog-en\\\/pharis-is-moving-to-new-premises\\\/#primaryimage\"},\"thumbnailUrl\":\"https:\\\/\\\/www.pharis.cz\\\/wp-content\\\/uploads\\\/babak-office-budova-1000px-1.jpg\",\"articleSection\":[\"Blog\"],\"inLanguage\":\"en-US\"},{\"@type\":\"WebPage\",\"@id\":\"https:\\\/\\\/www.pharis.cz\\\/en\\\/blog-en\\\/pharis-is-moving-to-new-premises\\\/\",\"url\":\"https:\\\/\\\/www.pharis.cz\\\/en\\\/blog-en\\\/pharis-is-moving-to-new-premises\\\/\",\"name\":\"PHARIS is moving to new premises! - MES PHARIS\",\"isPartOf\":{\"@id\":\"https:\\\/\\\/www.pharis.cz\\\/en\\\/#website\"},\"primaryImageOfPage\":{\"@id\":\"https:\\\/\\\/www.pharis.cz\\\/en\\\/blog-en\\\/pharis-is-moving-to-new-premises\\\/#primaryimage\"},\"image\":{\"@id\":\"https:\\\/\\\/www.pharis.cz\\\/en\\\/blog-en\\\/pharis-is-moving-to-new-premises\\\/#primaryimage\"},\"thumbnailUrl\":\"https:\\\/\\\/www.pharis.cz\\\/wp-content\\\/uploads\\\/babak-office-budova-1000px-1.jpg\",\"datePublished\":\"2026-07-14T11:11:03+00:00\",\"dateModified\":\"2026-07-14T12:26:52+00:00\",\"author\":{\"@id\":\"https:\\\/\\\/www.pharis.cz\\\/en\\\/#\\\/schema\\\/person\\\/8340f9a2221e4ed84609373a499b7998\"},\"breadcrumb\":{\"@id\":\"https:\\\/\\\/www.pharis.cz\\\/en\\\/blog-en\\\/pharis-is-moving-to-new-premises\\\/#breadcrumb\"},\"inLanguage\":\"en-US\",\"potentialAction\":[{\"@type\":\"ReadAction\",\"target\":[\"https:\\\/\\\/www.pharis.cz\\\/en\\\/blog-en\\\/pharis-is-moving-to-new-premises\\\/\"]}]},{\"@type\":\"ImageObject\",\"inLanguage\":\"en-US\",\"@id\":\"https:\\\/\\\/www.pharis.cz\\\/en\\\/blog-en\\\/pharis-is-moving-to-new-premises\\\/#primaryimage\",\"url\":\"https:\\\/\\\/www.pharis.cz\\\/wp-content\\\/uploads\\\/babak-office-budova-1000px-1.jpg\",\"contentUrl\":\"https:\\\/\\\/www.pharis.cz\\\/wp-content\\\/uploads\\\/babak-office-budova-1000px-1.jpg\",\"width\":780,\"height\":1000,\"caption\":\"Bab\u00e1k office - nov\u00e1 adresa firmy PHARIS v Brn\u011b\"},{\"@type\":\"BreadcrumbList\",\"@id\":\"https:\\\/\\\/www.pharis.cz\\\/en\\\/blog-en\\\/pharis-is-moving-to-new-premises\\\/#breadcrumb\",\"itemListElement\":[{\"@type\":\"ListItem\",\"position\":1,\"name\":\"Home\",\"item\":\"https:\\\/\\\/www.pharis.cz\\\/en\\\/\"},{\"@type\":\"ListItem\",\"position\":2,\"name\":\"Blog\",\"item\":\"https:\\\/\\\/www.pharis.cz\\\/en\\\/category\\\/blog-en\\\/\"},{\"@type\":\"ListItem\",\"position\":3,\"name\":\"PHARIS is moving to new premises!\"}]},{\"@type\":\"WebSite\",\"@id\":\"https:\\\/\\\/www.pharis.cz\\\/en\\\/#website\",\"url\":\"https:\\\/\\\/www.pharis.cz\\\/en\\\/\",\"name\":\"MES PHARIS\",\"description\":\"MES syst\u00e9m PHARIS pro efektivn\u00ed \u0159\u00edzen\u00ed v\u00fdroby\",\"potentialAction\":[{\"@type\":\"SearchAction\",\"target\":{\"@type\":\"EntryPoint\",\"urlTemplate\":\"https:\\\/\\\/www.pharis.cz\\\/en\\\/?s={search_term_string}\"},\"query-input\":{\"@type\":\"PropertyValueSpecification\",\"valueRequired\":true,\"valueName\":\"search_term_string\"}}],\"inLanguage\":\"en-US\"},{\"@type\":\"Person\",\"@id\":\"https:\\\/\\\/www.pharis.cz\\\/en\\\/#\\\/schema\\\/person\\\/8340f9a2221e4ed84609373a499b7998\",\"name\":\"Jaroslav K\u0159ikava\",\"image\":{\"@type\":\"ImageObject\",\"inLanguage\":\"en-US\",\"@id\":\"https:\\\/\\\/secure.gravatar.com\\\/avatar\\\/81a468e9b54ec55a3b98431f35f03e09d4799fb2b82440eb8d3ab93b8dc9ea00?s=96&d=mm&r=g\",\"url\":\"https:\\\/\\\/secure.gravatar.com\\\/avatar\\\/81a468e9b54ec55a3b98431f35f03e09d4799fb2b82440eb8d3ab93b8dc9ea00?s=96&d=mm&r=g\",\"contentUrl\":\"https:\\\/\\\/secure.gravatar.com\\\/avatar\\\/81a468e9b54ec55a3b98431f35f03e09d4799fb2b82440eb8d3ab93b8dc9ea00?s=96&d=mm&r=g\",\"caption\":\"Jaroslav K\u0159ikava\"}}]}<\/script>\n<!-- \/ Yoast SEO plugin. -->","yoast_head_json":{"title":"PHARIS is moving to new premises! - MES PHARIS","robots":{"index":"index","follow":"follow","max-snippet":"max-snippet:-1","max-image-preview":"max-image-preview:large","max-video-preview":"max-video-preview:-1"},"canonical":"https:\/\/www.pharis.cz\/en\/blog-en\/pharis-is-moving-to-new-premises\/","og_locale":"en_US","og_type":"article","og_title":"PHARIS is moving to new premises! - MES PHARIS","og_description":"Our team and the number of our projects are constantly growing, and we have started to outgrow our current offices at VTP UNIS. Therefore, after many years in Brno&#8217;s \u017dabov\u0159esky district, we are moving to new, larger premises in Kr\u00e1lovo Pole. Starting July 20, 2026, you can find us at our new address: Practical Information: [&hellip;]","og_url":"https:\/\/www.pharis.cz\/en\/blog-en\/pharis-is-moving-to-new-premises\/","og_site_name":"MES PHARIS","article_published_time":"2026-07-14T11:11:03+00:00","article_modified_time":"2026-07-14T12:26:52+00:00","og_image":[{"width":780,"height":1000,"url":"https:\/\/www.pharis.cz\/wp-content\/uploads\/babak-office-budova-1000px-1.jpg","type":"image\/jpeg"}],"author":"Jaroslav K\u0159ikava","twitter_card":"summary_large_image","twitter_misc":{"Written by":"Jaroslav K\u0159ikava","Est. reading time":"1 minute"},"schema":{"@context":"https:\/\/schema.org","@graph":[{"@type":"Article","@id":"https:\/\/www.pharis.cz\/en\/blog-en\/pharis-is-moving-to-new-premises\/#article","isPartOf":{"@id":"https:\/\/www.pharis.cz\/en\/blog-en\/pharis-is-moving-to-new-premises\/"},"author":{"name":"Jaroslav K\u0159ikava","@id":"https:\/\/www.pharis.cz\/en\/#\/schema\/person\/8340f9a2221e4ed84609373a499b7998"},"headline":"PHARIS is moving to new premises!","datePublished":"2026-07-14T11:11:03+00:00","dateModified":"2026-07-14T12:26:52+00:00","mainEntityOfPage":{"@id":"https:\/\/www.pharis.cz\/en\/blog-en\/pharis-is-moving-to-new-premises\/"},"wordCount":140,"image":{"@id":"https:\/\/www.pharis.cz\/en\/blog-en\/pharis-is-moving-to-new-premises\/#primaryimage"},"thumbnailUrl":"https:\/\/www.pharis.cz\/wp-content\/uploads\/babak-office-budova-1000px-1.jpg","articleSection":["Blog"],"inLanguage":"en-US"},{"@type":"WebPage","@id":"https:\/\/www.pharis.cz\/en\/blog-en\/pharis-is-moving-to-new-premises\/","url":"https:\/\/www.pharis.cz\/en\/blog-en\/pharis-is-moving-to-new-premises\/","name":"PHARIS is moving to new premises! - MES PHARIS","isPartOf":{"@id":"https:\/\/www.pharis.cz\/en\/#website"},"primaryImageOfPage":{"@id":"https:\/\/www.pharis.cz\/en\/blog-en\/pharis-is-moving-to-new-premises\/#primaryimage"},"image":{"@id":"https:\/\/www.pharis.cz\/en\/blog-en\/pharis-is-moving-to-new-premises\/#primaryimage"},"thumbnailUrl":"https:\/\/www.pharis.cz\/wp-content\/uploads\/babak-office-budova-1000px-1.jpg","datePublished":"2026-07-14T11:11:03+00:00","dateModified":"2026-07-14T12:26:52+00:00","author":{"@id":"https:\/\/www.pharis.cz\/en\/#\/schema\/person\/8340f9a2221e4ed84609373a499b7998"},"breadcrumb":{"@id":"https:\/\/www.pharis.cz\/en\/blog-en\/pharis-is-moving-to-new-premises\/#breadcrumb"},"inLanguage":"en-US","potentialAction":[{"@type":"ReadAction","target":["https:\/\/www.pharis.cz\/en\/blog-en\/pharis-is-moving-to-new-premises\/"]}]},{"@type":"ImageObject","inLanguage":"en-US","@id":"https:\/\/www.pharis.cz\/en\/blog-en\/pharis-is-moving-to-new-premises\/#primaryimage","url":"https:\/\/www.pharis.cz\/wp-content\/uploads\/babak-office-budova-1000px-1.jpg","contentUrl":"https:\/\/www.pharis.cz\/wp-content\/uploads\/babak-office-budova-1000px-1.jpg","width":780,"height":1000,"caption":"Bab\u00e1k office - nov\u00e1 adresa firmy PHARIS v Brn\u011b"},{"@type":"BreadcrumbList","@id":"https:\/\/www.pharis.cz\/en\/blog-en\/pharis-is-moving-to-new-premises\/#breadcrumb","itemListElement":[{"@type":"ListItem","position":1,"name":"Home","item":"https:\/\/www.pharis.cz\/en\/"},{"@type":"ListItem","position":2,"name":"Blog","item":"https:\/\/www.pharis.cz\/en\/category\/blog-en\/"},{"@type":"ListItem","position":3,"name":"PHARIS is moving to new premises!"}]},{"@type":"WebSite","@id":"https:\/\/www.pharis.cz\/en\/#website","url":"https:\/\/www.pharis.cz\/en\/","name":"MES PHARIS","description":"MES syst\u00e9m PHARIS pro efektivn\u00ed \u0159\u00edzen\u00ed v\u00fdroby","potentialAction":[{"@type":"SearchAction","target":{"@type":"EntryPoint","urlTemplate":"https:\/\/www.pharis.cz\/en\/?s={search_term_string}"},"query-input":{"@type":"PropertyValueSpecification","valueRequired":true,"valueName":"search_term_string"}}],"inLanguage":"en-US"},{"@type":"Person","@id":"https:\/\/www.pharis.cz\/en\/#\/schema\/person\/8340f9a2221e4ed84609373a499b7998","name":"Jaroslav K\u0159ikava","image":{"@type":"ImageObject","inLanguage":"en-US","@id":"https:\/\/secure.gravatar.com\/avatar\/81a468e9b54ec55a3b98431f35f03e09d4799fb2b82440eb8d3ab93b8dc9ea00?s=96&d=mm&r=g","url":"https:\/\/secure.gravatar.com\/avatar\/81a468e9b54ec55a3b98431f35f03e09d4799fb2b82440eb8d3ab93b8dc9ea00?s=96&d=mm&r=g","contentUrl":"https:\/\/secure.gravatar.com\/avatar\/81a468e9b54ec55a3b98431f35f03e09d4799fb2b82440eb8d3ab93b8dc9ea00?s=96&d=mm&r=g","caption":"Jaroslav K\u0159ikava"}}]}},"_links":{"self":[{"href":"https:\/\/www.pharis.cz\/en\/wp-json\/wp\/v2\/posts\/16164","targetHints":{"allow":["GET"]}}],"collection":[{"href":"https:\/\/www.pharis.cz\/en\/wp-json\/wp\/v2\/posts"}],"about":[{"href":"https:\/\/www.pharis.cz\/en\/wp-json\/wp\/v2\/types\/post"}],"author":[{"embeddable":true,"href":"https:\/\/www.pharis.cz\/en\/wp-json\/wp\/v2\/users\/10"}],"replies":[{"embeddable":true,"href":"https:\/\/www.pharis.cz\/en\/wp-json\/wp\/v2\/comments?post=16164"}],"version-history":[{"count":2,"href":"https:\/\/www.pharis.cz\/en\/wp-json\/wp\/v2\/posts\/16164\/revisions"}],"predecessor-version":[{"id":16181,"href":"https:\/\/www.pharis.cz\/en\/wp-json\/wp\/v2\/posts\/16164\/revisions\/16181"}],"wp:featuredmedia":[{"embeddable":true,"href":"https:\/\/www.pharis.cz\/en\/wp-json\/wp\/v2\/media\/16163"}],"wp:attachment":[{"href":"https:\/\/www.pharis.cz\/en\/wp-json\/wp\/v2\/media?parent=16164"}],"wp:term":[{"taxonomy":"category","embeddable":true,"href":"https:\/\/www.pharis.cz\/en\/wp-json\/wp\/v2\/categories?post=16164"},{"taxonomy":"post_tag","embeddable":true,"href":"https:\/\/www.pharis.cz\/en\/wp-json\/wp\/v2\/tags?post=16164"}],"curies":[{"name":"wp","href":"https:\/\/api.w.org\/{rel}","templated":true}]}}