{"id":14549,"date":"2025-10-15T14:18:36","date_gmt":"2025-10-15T12:18:36","guid":{"rendered":"https:\/\/www.pharis.cz\/blog-en\/msv-2025-a-look-back-at-an-inspiring-week-full-of-innovation\/"},"modified":"2025-10-15T14:50:14","modified_gmt":"2025-10-15T12:50:14","slug":"msv-2025-a-look-back-at-an-inspiring-week-full-of-innovation","status":"publish","type":"post","link":"https:\/\/www.pharis.cz\/en\/blog-en\/msv-2025-a-look-back-at-an-inspiring-week-full-of-innovation\/","title":{"rendered":"MSV 2025 \u2013 A look back at an inspiring week full of innovation and connections"},"content":{"rendered":"\n<p>Thank you to everyone who visited us last week at MSV \u2013 the International Engineering Fair in Brno!<br>This year\u2019s edition was a special one for PHARIS \u2013 we took part for the first time as part of the National Centre for Industry 4.0 exhibition and actively joined several events in the accompanying program. <\/p>\n\n\n\n<p>At our booth in Hall F, we demonstrated how the MES PHARIS system helps companies digitalize production and manage it in real time \u2013 from data collection and analysis to planning and process optimization. We also took part in a number of discussions and conferences focused on digitalization, innovation, and the future of industry: <\/p>\n\n\n\n<ul class=\"wp-block-list\">\n<li><strong>Digi Stage \u2013 Are you keeping up with digitalization?<\/strong><br>Our CEO Tom\u00e1\u0161 Hradsk\u00fd presented in a lecture and discussion block dedicated to current trends and the tangible benefits of digital transformation in manufacturing.<\/li>\n<\/ul>\n\n\n\n<ul class=\"wp-block-list\">\n<li><strong>DEFENCEO conference<\/strong><br>Tom\u00e1\u0161 Hradsk\u00fd joined the panel discussion Innovation for the Defence Industry, focused on digitalization, automation, and data utilization in the defense sector.<\/li>\n<\/ul>\n\n\n\n<ul class=\"wp-block-list\">\n<li><strong>Industry 4.0 award by the Confederation of industry of the Czech Republic<\/strong><br>We entered one of our innovative projects into this prestigious competition. Although we didn\u2019t place among the winners this time, we consider our participation itself a success. <\/li>\n<\/ul>\n\n\n\n<ul class=\"wp-block-list\">\n<li><strong>MeetUp: Digital manufacturing synergy <\/strong><br>A morning conference for production leaders focused on digitalization, efficiency improvement, and knowledge sharing among industry professionals \u2013 organized together with INDUSTRY CLUSTER 4.0, RHK Brno, and selected partners.<\/li>\n<\/ul>\n\n\n\n<ul class=\"wp-block-list\">\n<li><strong>PHARIS customer meeting<\/strong><br>Our traditional event for customers provided a great opportunity to exchange experiences and discuss the future development of MES PHARIS.<\/li>\n<\/ul>\n\n\n\n<p>A huge thank you to everyone who stopped by our booth, attended our talks, or met us during the fair\u2019s accompanying events. It was a pleasure to share experiences, ideas, and real examples of how digitalization delivers measurable results in manufacturing.<\/p>\n\n\n\n<p>If you didn\u2019t get the chance to ask your questions at the fair or would like to discuss your own digitalization plans, our consultants are always ready to help \u2013 feel free to reach out to us here: \u2013 <a href=\"https:\/\/www.pharis.cz\/en\/contact\/\">reach out to us here<\/a>.<br><br><\/p>\n\n\n\n<figure class=\"wp-block-gallery has-nested-images columns-default is-cropped wp-block-gallery-1 is-layout-flex wp-block-gallery-is-layout-flex\">\n<figure class=\"wp-block-image size-large\"><img fetchpriority=\"high\" decoding=\"async\" width=\"2000\" height=\"1500\" data-id=\"14521\" src=\"https:\/\/www.pharis.cz\/wp-content\/uploads\/MSV2025_foto01.jpg\" alt=\"\" class=\"wp-image-14521\" srcset=\"https:\/\/www.pharis.cz\/wp-content\/uploads\/MSV2025_foto01.jpg 2000w, https:\/\/www.pharis.cz\/wp-content\/uploads\/MSV2025_foto01-768x576.jpg 768w, https:\/\/www.pharis.cz\/wp-content\/uploads\/MSV2025_foto01-1536x1152.jpg 1536w\" sizes=\"(max-width: 2000px) 100vw, 2000px\" \/><\/figure>\n\n\n\n<figure class=\"wp-block-image size-large\"><img decoding=\"async\" width=\"2000\" height=\"1500\" data-id=\"14523\" src=\"https:\/\/www.pharis.cz\/wp-content\/uploads\/MSV2025_foto02.jpg\" alt=\"\" class=\"wp-image-14523\" srcset=\"https:\/\/www.pharis.cz\/wp-content\/uploads\/MSV2025_foto02.jpg 2000w, https:\/\/www.pharis.cz\/wp-content\/uploads\/MSV2025_foto02-768x576.jpg 768w, https:\/\/www.pharis.cz\/wp-content\/uploads\/MSV2025_foto02-1536x1152.jpg 1536w\" sizes=\"(max-width: 2000px) 100vw, 2000px\" \/><\/figure>\n\n\n\n<figure class=\"wp-block-image size-large\"><img decoding=\"async\" width=\"2000\" height=\"1500\" data-id=\"14525\" src=\"https:\/\/www.pharis.cz\/wp-content\/uploads\/MSV2025_foto03.jpg\" alt=\"\" class=\"wp-image-14525\" srcset=\"https:\/\/www.pharis.cz\/wp-content\/uploads\/MSV2025_foto03.jpg 2000w, https:\/\/www.pharis.cz\/wp-content\/uploads\/MSV2025_foto03-768x576.jpg 768w, https:\/\/www.pharis.cz\/wp-content\/uploads\/MSV2025_foto03-1536x1152.jpg 1536w\" sizes=\"(max-width: 2000px) 100vw, 2000px\" \/><\/figure>\n\n\n\n<figure class=\"wp-block-image size-large\"><img loading=\"lazy\" decoding=\"async\" width=\"1356\" height=\"1017\" data-id=\"14527\" src=\"https:\/\/www.pharis.cz\/wp-content\/uploads\/MSV2025_foto04.jpg\" alt=\"\" class=\"wp-image-14527\" srcset=\"https:\/\/www.pharis.cz\/wp-content\/uploads\/MSV2025_foto04.jpg 1356w, https:\/\/www.pharis.cz\/wp-content\/uploads\/MSV2025_foto04-768x576.jpg 768w\" sizes=\"(max-width: 1356px) 100vw, 1356px\" \/><\/figure>\n\n\n\n<figure class=\"wp-block-image size-large\"><img loading=\"lazy\" decoding=\"async\" width=\"2000\" height=\"1333\" data-id=\"14529\" src=\"https:\/\/www.pharis.cz\/wp-content\/uploads\/MSV2025_foto05.jpg\" alt=\"\" class=\"wp-image-14529\" srcset=\"https:\/\/www.pharis.cz\/wp-content\/uploads\/MSV2025_foto05.jpg 2000w, https:\/\/www.pharis.cz\/wp-content\/uploads\/MSV2025_foto05-768x512.jpg 768w, https:\/\/www.pharis.cz\/wp-content\/uploads\/MSV2025_foto05-1536x1024.jpg 1536w\" sizes=\"(max-width: 2000px) 100vw, 2000px\" \/><\/figure>\n\n\n\n<figure class=\"wp-block-image size-large\"><img loading=\"lazy\" decoding=\"async\" width=\"2000\" height=\"1500\" data-id=\"14531\" src=\"https:\/\/www.pharis.cz\/wp-content\/uploads\/MSV2025_foto06.jpg\" alt=\"\" class=\"wp-image-14531\" srcset=\"https:\/\/www.pharis.cz\/wp-content\/uploads\/MSV2025_foto06.jpg 2000w, https:\/\/www.pharis.cz\/wp-content\/uploads\/MSV2025_foto06-768x576.jpg 768w, https:\/\/www.pharis.cz\/wp-content\/uploads\/MSV2025_foto06-1536x1152.jpg 1536w\" sizes=\"(max-width: 2000px) 100vw, 2000px\" \/><\/figure>\n\n\n\n<figure class=\"wp-block-image size-large\"><img loading=\"lazy\" decoding=\"async\" width=\"2000\" height=\"1500\" data-id=\"14533\" src=\"https:\/\/www.pharis.cz\/wp-content\/uploads\/MSV2025_foto07.jpg\" alt=\"\" class=\"wp-image-14533\" srcset=\"https:\/\/www.pharis.cz\/wp-content\/uploads\/MSV2025_foto07.jpg 2000w, https:\/\/www.pharis.cz\/wp-content\/uploads\/MSV2025_foto07-768x576.jpg 768w, https:\/\/www.pharis.cz\/wp-content\/uploads\/MSV2025_foto07-1536x1152.jpg 1536w\" sizes=\"(max-width: 2000px) 100vw, 2000px\" \/><\/figure>\n\n\n\n<figure class=\"wp-block-image size-large\"><img loading=\"lazy\" decoding=\"async\" width=\"1024\" height=\"768\" data-id=\"14535\" src=\"https:\/\/www.pharis.cz\/wp-content\/uploads\/MSV2025_foto08.jpg\" alt=\"\" class=\"wp-image-14535\" srcset=\"https:\/\/www.pharis.cz\/wp-content\/uploads\/MSV2025_foto08.jpg 1024w, https:\/\/www.pharis.cz\/wp-content\/uploads\/MSV2025_foto08-768x576.jpg 768w\" sizes=\"(max-width: 1024px) 100vw, 1024px\" \/><\/figure>\n\n\n\n<figure class=\"wp-block-image size-large\"><img loading=\"lazy\" decoding=\"async\" width=\"2000\" height=\"1333\" data-id=\"14537\" src=\"https:\/\/www.pharis.cz\/wp-content\/uploads\/MSV2025_foto09.jpg\" alt=\"\" class=\"wp-image-14537\" srcset=\"https:\/\/www.pharis.cz\/wp-content\/uploads\/MSV2025_foto09.jpg 2000w, https:\/\/www.pharis.cz\/wp-content\/uploads\/MSV2025_foto09-768x512.jpg 768w, https:\/\/www.pharis.cz\/wp-content\/uploads\/MSV2025_foto09-1536x1024.jpg 1536w\" sizes=\"(max-width: 2000px) 100vw, 2000px\" \/><\/figure>\n\n\n\n<figure class=\"wp-block-image size-large\"><img loading=\"lazy\" decoding=\"async\" width=\"2000\" height=\"1500\" data-id=\"14539\" src=\"https:\/\/www.pharis.cz\/wp-content\/uploads\/MSV2025_foto10.jpg\" alt=\"\" class=\"wp-image-14539\" srcset=\"https:\/\/www.pharis.cz\/wp-content\/uploads\/MSV2025_foto10.jpg 2000w, https:\/\/www.pharis.cz\/wp-content\/uploads\/MSV2025_foto10-768x576.jpg 768w, https:\/\/www.pharis.cz\/wp-content\/uploads\/MSV2025_foto10-1536x1152.jpg 1536w\" sizes=\"(max-width: 2000px) 100vw, 2000px\" \/><\/figure>\n<\/figure>\n","protected":false},"excerpt":{"rendered":"<p>Thank you to everyone who visited us last week at MSV \u2013 the International Engineering Fair in Brno!This year\u2019s edition was a special one for PHARIS \u2013 we took part for the first time as part of the National Centre for Industry 4.0 exhibition and actively joined several events in the accompanying program. At our [&hellip;]<\/p>\n","protected":false},"author":10,"featured_media":14522,"comment_status":"closed","ping_status":"closed","sticky":false,"template":"","format":"standard","meta":{"footnotes":""},"categories":[78],"tags":[],"class_list":["post-14549","post","type-post","status-publish","format-standard","has-post-thumbnail","hentry","category-blog-en"],"yoast_head":"<!-- This site is optimized with the Yoast SEO plugin v27.4 - https:\/\/yoast.com\/product\/yoast-seo-wordpress\/ -->\n<title>MSV 2025 \u2013 A look back at an inspiring week full of innovation and connections - MES PHARIS<\/title>\n<meta name=\"robots\" content=\"index, follow, max-snippet:-1, max-image-preview:large, max-video-preview:-1\" \/>\n<link rel=\"canonical\" href=\"https:\/\/www.pharis.cz\/en\/blog-en\/msv-2025-a-look-back-at-an-inspiring-week-full-of-innovation\/\" \/>\n<meta property=\"og:locale\" content=\"en_US\" \/>\n<meta property=\"og:type\" content=\"article\" \/>\n<meta property=\"og:title\" content=\"MSV 2025 \u2013 A look back at an inspiring week full of innovation and connections - MES PHARIS\" \/>\n<meta property=\"og:description\" content=\"Thank you to everyone who visited us last week at MSV \u2013 the International Engineering Fair in Brno!This year\u2019s edition was a special one for PHARIS \u2013 we took part for the first time as part of the National Centre for Industry 4.0 exhibition and actively joined several events in the accompanying program. At our [&hellip;]\" \/>\n<meta property=\"og:url\" content=\"https:\/\/www.pharis.cz\/en\/blog-en\/msv-2025-a-look-back-at-an-inspiring-week-full-of-innovation\/\" \/>\n<meta property=\"og:site_name\" content=\"MES PHARIS\" \/>\n<meta property=\"article:published_time\" content=\"2025-10-15T12:18:36+00:00\" \/>\n<meta property=\"article:modified_time\" content=\"2025-10-15T12:50:14+00:00\" \/>\n<meta property=\"og:image\" content=\"https:\/\/www.pharis.cz\/wp-content\/uploads\/MSV2025_foto01.jpg\" \/>\n\t<meta property=\"og:image:width\" content=\"2000\" \/>\n\t<meta property=\"og:image:height\" content=\"1500\" \/>\n\t<meta property=\"og:image:type\" content=\"image\/jpeg\" \/>\n<meta name=\"author\" content=\"Jaroslav K\u0159ikava\" \/>\n<meta name=\"twitter:card\" content=\"summary_large_image\" \/>\n<meta name=\"twitter:label1\" content=\"Written by\" \/>\n\t<meta name=\"twitter:data1\" content=\"Jaroslav K\u0159ikava\" \/>\n\t<meta name=\"twitter:label2\" content=\"Est. reading time\" \/>\n\t<meta name=\"twitter:data2\" content=\"5 minutes\" \/>\n<script type=\"application\/ld+json\" class=\"yoast-schema-graph\">{\"@context\":\"https:\\\/\\\/schema.org\",\"@graph\":[{\"@type\":\"Article\",\"@id\":\"https:\\\/\\\/www.pharis.cz\\\/en\\\/blog-en\\\/msv-2025-a-look-back-at-an-inspiring-week-full-of-innovation\\\/#article\",\"isPartOf\":{\"@id\":\"https:\\\/\\\/www.pharis.cz\\\/en\\\/blog-en\\\/msv-2025-a-look-back-at-an-inspiring-week-full-of-innovation\\\/\"},\"author\":{\"name\":\"Jaroslav K\u0159ikava\",\"@id\":\"https:\\\/\\\/www.pharis.cz\\\/en\\\/#\\\/schema\\\/person\\\/8340f9a2221e4ed84609373a499b7998\"},\"headline\":\"MSV 2025 \u2013 A look back at an inspiring week full of innovation and connections\",\"datePublished\":\"2025-10-15T12:18:36+00:00\",\"dateModified\":\"2025-10-15T12:50:14+00:00\",\"mainEntityOfPage\":{\"@id\":\"https:\\\/\\\/www.pharis.cz\\\/en\\\/blog-en\\\/msv-2025-a-look-back-at-an-inspiring-week-full-of-innovation\\\/\"},\"wordCount\":352,\"image\":{\"@id\":\"https:\\\/\\\/www.pharis.cz\\\/en\\\/blog-en\\\/msv-2025-a-look-back-at-an-inspiring-week-full-of-innovation\\\/#primaryimage\"},\"thumbnailUrl\":\"https:\\\/\\\/www.pharis.cz\\\/wp-content\\\/uploads\\\/MSV2025_foto01.jpg\",\"articleSection\":[\"Blog\"],\"inLanguage\":\"en-US\"},{\"@type\":\"WebPage\",\"@id\":\"https:\\\/\\\/www.pharis.cz\\\/en\\\/blog-en\\\/msv-2025-a-look-back-at-an-inspiring-week-full-of-innovation\\\/\",\"url\":\"https:\\\/\\\/www.pharis.cz\\\/en\\\/blog-en\\\/msv-2025-a-look-back-at-an-inspiring-week-full-of-innovation\\\/\",\"name\":\"MSV 2025 \u2013 A look back at an inspiring week full of innovation and connections - MES PHARIS\",\"isPartOf\":{\"@id\":\"https:\\\/\\\/www.pharis.cz\\\/en\\\/#website\"},\"primaryImageOfPage\":{\"@id\":\"https:\\\/\\\/www.pharis.cz\\\/en\\\/blog-en\\\/msv-2025-a-look-back-at-an-inspiring-week-full-of-innovation\\\/#primaryimage\"},\"image\":{\"@id\":\"https:\\\/\\\/www.pharis.cz\\\/en\\\/blog-en\\\/msv-2025-a-look-back-at-an-inspiring-week-full-of-innovation\\\/#primaryimage\"},\"thumbnailUrl\":\"https:\\\/\\\/www.pharis.cz\\\/wp-content\\\/uploads\\\/MSV2025_foto01.jpg\",\"datePublished\":\"2025-10-15T12:18:36+00:00\",\"dateModified\":\"2025-10-15T12:50:14+00:00\",\"author\":{\"@id\":\"https:\\\/\\\/www.pharis.cz\\\/en\\\/#\\\/schema\\\/person\\\/8340f9a2221e4ed84609373a499b7998\"},\"breadcrumb\":{\"@id\":\"https:\\\/\\\/www.pharis.cz\\\/en\\\/blog-en\\\/msv-2025-a-look-back-at-an-inspiring-week-full-of-innovation\\\/#breadcrumb\"},\"inLanguage\":\"en-US\",\"potentialAction\":[{\"@type\":\"ReadAction\",\"target\":[\"https:\\\/\\\/www.pharis.cz\\\/en\\\/blog-en\\\/msv-2025-a-look-back-at-an-inspiring-week-full-of-innovation\\\/\"]}]},{\"@type\":\"ImageObject\",\"inLanguage\":\"en-US\",\"@id\":\"https:\\\/\\\/www.pharis.cz\\\/en\\\/blog-en\\\/msv-2025-a-look-back-at-an-inspiring-week-full-of-innovation\\\/#primaryimage\",\"url\":\"https:\\\/\\\/www.pharis.cz\\\/wp-content\\\/uploads\\\/MSV2025_foto01.jpg\",\"contentUrl\":\"https:\\\/\\\/www.pharis.cz\\\/wp-content\\\/uploads\\\/MSV2025_foto01.jpg\",\"width\":2000,\"height\":1500},{\"@type\":\"BreadcrumbList\",\"@id\":\"https:\\\/\\\/www.pharis.cz\\\/en\\\/blog-en\\\/msv-2025-a-look-back-at-an-inspiring-week-full-of-innovation\\\/#breadcrumb\",\"itemListElement\":[{\"@type\":\"ListItem\",\"position\":1,\"name\":\"Home\",\"item\":\"https:\\\/\\\/www.pharis.cz\\\/en\\\/\"},{\"@type\":\"ListItem\",\"position\":2,\"name\":\"Blog\",\"item\":\"https:\\\/\\\/www.pharis.cz\\\/en\\\/category\\\/blog-en\\\/\"},{\"@type\":\"ListItem\",\"position\":3,\"name\":\"MSV 2025 \u2013 A look back at an inspiring week full of innovation and connections\"}]},{\"@type\":\"WebSite\",\"@id\":\"https:\\\/\\\/www.pharis.cz\\\/en\\\/#website\",\"url\":\"https:\\\/\\\/www.pharis.cz\\\/en\\\/\",\"name\":\"MES PHARIS\",\"description\":\"MES syst\u00e9m PHARIS pro efektivn\u00ed \u0159\u00edzen\u00ed v\u00fdroby\",\"potentialAction\":[{\"@type\":\"SearchAction\",\"target\":{\"@type\":\"EntryPoint\",\"urlTemplate\":\"https:\\\/\\\/www.pharis.cz\\\/en\\\/?s={search_term_string}\"},\"query-input\":{\"@type\":\"PropertyValueSpecification\",\"valueRequired\":true,\"valueName\":\"search_term_string\"}}],\"inLanguage\":\"en-US\"},{\"@type\":\"Person\",\"@id\":\"https:\\\/\\\/www.pharis.cz\\\/en\\\/#\\\/schema\\\/person\\\/8340f9a2221e4ed84609373a499b7998\",\"name\":\"Jaroslav K\u0159ikava\",\"image\":{\"@type\":\"ImageObject\",\"inLanguage\":\"en-US\",\"@id\":\"https:\\\/\\\/secure.gravatar.com\\\/avatar\\\/81a468e9b54ec55a3b98431f35f03e09d4799fb2b82440eb8d3ab93b8dc9ea00?s=96&d=mm&r=g\",\"url\":\"https:\\\/\\\/secure.gravatar.com\\\/avatar\\\/81a468e9b54ec55a3b98431f35f03e09d4799fb2b82440eb8d3ab93b8dc9ea00?s=96&d=mm&r=g\",\"contentUrl\":\"https:\\\/\\\/secure.gravatar.com\\\/avatar\\\/81a468e9b54ec55a3b98431f35f03e09d4799fb2b82440eb8d3ab93b8dc9ea00?s=96&d=mm&r=g\",\"caption\":\"Jaroslav K\u0159ikava\"}}]}<\/script>\n<!-- \/ Yoast SEO plugin. -->","yoast_head_json":{"title":"MSV 2025 \u2013 A look back at an inspiring week full of innovation and connections - MES PHARIS","robots":{"index":"index","follow":"follow","max-snippet":"max-snippet:-1","max-image-preview":"max-image-preview:large","max-video-preview":"max-video-preview:-1"},"canonical":"https:\/\/www.pharis.cz\/en\/blog-en\/msv-2025-a-look-back-at-an-inspiring-week-full-of-innovation\/","og_locale":"en_US","og_type":"article","og_title":"MSV 2025 \u2013 A look back at an inspiring week full of innovation and connections - MES PHARIS","og_description":"Thank you to everyone who visited us last week at MSV \u2013 the International Engineering Fair in Brno!This year\u2019s edition was a special one for PHARIS \u2013 we took part for the first time as part of the National Centre for Industry 4.0 exhibition and actively joined several events in the accompanying program. At our [&hellip;]","og_url":"https:\/\/www.pharis.cz\/en\/blog-en\/msv-2025-a-look-back-at-an-inspiring-week-full-of-innovation\/","og_site_name":"MES PHARIS","article_published_time":"2025-10-15T12:18:36+00:00","article_modified_time":"2025-10-15T12:50:14+00:00","og_image":[{"width":2000,"height":1500,"url":"https:\/\/www.pharis.cz\/wp-content\/uploads\/MSV2025_foto01.jpg","type":"image\/jpeg"}],"author":"Jaroslav K\u0159ikava","twitter_card":"summary_large_image","twitter_misc":{"Written by":"Jaroslav K\u0159ikava","Est. reading time":"5 minutes"},"schema":{"@context":"https:\/\/schema.org","@graph":[{"@type":"Article","@id":"https:\/\/www.pharis.cz\/en\/blog-en\/msv-2025-a-look-back-at-an-inspiring-week-full-of-innovation\/#article","isPartOf":{"@id":"https:\/\/www.pharis.cz\/en\/blog-en\/msv-2025-a-look-back-at-an-inspiring-week-full-of-innovation\/"},"author":{"name":"Jaroslav K\u0159ikava","@id":"https:\/\/www.pharis.cz\/en\/#\/schema\/person\/8340f9a2221e4ed84609373a499b7998"},"headline":"MSV 2025 \u2013 A look back at an inspiring week full of innovation and connections","datePublished":"2025-10-15T12:18:36+00:00","dateModified":"2025-10-15T12:50:14+00:00","mainEntityOfPage":{"@id":"https:\/\/www.pharis.cz\/en\/blog-en\/msv-2025-a-look-back-at-an-inspiring-week-full-of-innovation\/"},"wordCount":352,"image":{"@id":"https:\/\/www.pharis.cz\/en\/blog-en\/msv-2025-a-look-back-at-an-inspiring-week-full-of-innovation\/#primaryimage"},"thumbnailUrl":"https:\/\/www.pharis.cz\/wp-content\/uploads\/MSV2025_foto01.jpg","articleSection":["Blog"],"inLanguage":"en-US"},{"@type":"WebPage","@id":"https:\/\/www.pharis.cz\/en\/blog-en\/msv-2025-a-look-back-at-an-inspiring-week-full-of-innovation\/","url":"https:\/\/www.pharis.cz\/en\/blog-en\/msv-2025-a-look-back-at-an-inspiring-week-full-of-innovation\/","name":"MSV 2025 \u2013 A look back at an inspiring week full of innovation and connections - MES PHARIS","isPartOf":{"@id":"https:\/\/www.pharis.cz\/en\/#website"},"primaryImageOfPage":{"@id":"https:\/\/www.pharis.cz\/en\/blog-en\/msv-2025-a-look-back-at-an-inspiring-week-full-of-innovation\/#primaryimage"},"image":{"@id":"https:\/\/www.pharis.cz\/en\/blog-en\/msv-2025-a-look-back-at-an-inspiring-week-full-of-innovation\/#primaryimage"},"thumbnailUrl":"https:\/\/www.pharis.cz\/wp-content\/uploads\/MSV2025_foto01.jpg","datePublished":"2025-10-15T12:18:36+00:00","dateModified":"2025-10-15T12:50:14+00:00","author":{"@id":"https:\/\/www.pharis.cz\/en\/#\/schema\/person\/8340f9a2221e4ed84609373a499b7998"},"breadcrumb":{"@id":"https:\/\/www.pharis.cz\/en\/blog-en\/msv-2025-a-look-back-at-an-inspiring-week-full-of-innovation\/#breadcrumb"},"inLanguage":"en-US","potentialAction":[{"@type":"ReadAction","target":["https:\/\/www.pharis.cz\/en\/blog-en\/msv-2025-a-look-back-at-an-inspiring-week-full-of-innovation\/"]}]},{"@type":"ImageObject","inLanguage":"en-US","@id":"https:\/\/www.pharis.cz\/en\/blog-en\/msv-2025-a-look-back-at-an-inspiring-week-full-of-innovation\/#primaryimage","url":"https:\/\/www.pharis.cz\/wp-content\/uploads\/MSV2025_foto01.jpg","contentUrl":"https:\/\/www.pharis.cz\/wp-content\/uploads\/MSV2025_foto01.jpg","width":2000,"height":1500},{"@type":"BreadcrumbList","@id":"https:\/\/www.pharis.cz\/en\/blog-en\/msv-2025-a-look-back-at-an-inspiring-week-full-of-innovation\/#breadcrumb","itemListElement":[{"@type":"ListItem","position":1,"name":"Home","item":"https:\/\/www.pharis.cz\/en\/"},{"@type":"ListItem","position":2,"name":"Blog","item":"https:\/\/www.pharis.cz\/en\/category\/blog-en\/"},{"@type":"ListItem","position":3,"name":"MSV 2025 \u2013 A look back at an inspiring week full of innovation and connections"}]},{"@type":"WebSite","@id":"https:\/\/www.pharis.cz\/en\/#website","url":"https:\/\/www.pharis.cz\/en\/","name":"MES PHARIS","description":"MES syst\u00e9m PHARIS pro efektivn\u00ed \u0159\u00edzen\u00ed v\u00fdroby","potentialAction":[{"@type":"SearchAction","target":{"@type":"EntryPoint","urlTemplate":"https:\/\/www.pharis.cz\/en\/?s={search_term_string}"},"query-input":{"@type":"PropertyValueSpecification","valueRequired":true,"valueName":"search_term_string"}}],"inLanguage":"en-US"},{"@type":"Person","@id":"https:\/\/www.pharis.cz\/en\/#\/schema\/person\/8340f9a2221e4ed84609373a499b7998","name":"Jaroslav K\u0159ikava","image":{"@type":"ImageObject","inLanguage":"en-US","@id":"https:\/\/secure.gravatar.com\/avatar\/81a468e9b54ec55a3b98431f35f03e09d4799fb2b82440eb8d3ab93b8dc9ea00?s=96&d=mm&r=g","url":"https:\/\/secure.gravatar.com\/avatar\/81a468e9b54ec55a3b98431f35f03e09d4799fb2b82440eb8d3ab93b8dc9ea00?s=96&d=mm&r=g","contentUrl":"https:\/\/secure.gravatar.com\/avatar\/81a468e9b54ec55a3b98431f35f03e09d4799fb2b82440eb8d3ab93b8dc9ea00?s=96&d=mm&r=g","caption":"Jaroslav K\u0159ikava"}}]}},"_links":{"self":[{"href":"https:\/\/www.pharis.cz\/en\/wp-json\/wp\/v2\/posts\/14549","targetHints":{"allow":["GET"]}}],"collection":[{"href":"https:\/\/www.pharis.cz\/en\/wp-json\/wp\/v2\/posts"}],"about":[{"href":"https:\/\/www.pharis.cz\/en\/wp-json\/wp\/v2\/types\/post"}],"author":[{"embeddable":true,"href":"https:\/\/www.pharis.cz\/en\/wp-json\/wp\/v2\/users\/10"}],"replies":[{"embeddable":true,"href":"https:\/\/www.pharis.cz\/en\/wp-json\/wp\/v2\/comments?post=14549"}],"version-history":[{"count":2,"href":"https:\/\/www.pharis.cz\/en\/wp-json\/wp\/v2\/posts\/14549\/revisions"}],"predecessor-version":[{"id":14551,"href":"https:\/\/www.pharis.cz\/en\/wp-json\/wp\/v2\/posts\/14549\/revisions\/14551"}],"wp:featuredmedia":[{"embeddable":true,"href":"https:\/\/www.pharis.cz\/en\/wp-json\/wp\/v2\/media\/14522"}],"wp:attachment":[{"href":"https:\/\/www.pharis.cz\/en\/wp-json\/wp\/v2\/media?parent=14549"}],"wp:term":[{"taxonomy":"category","embeddable":true,"href":"https:\/\/www.pharis.cz\/en\/wp-json\/wp\/v2\/categories?post=14549"},{"taxonomy":"post_tag","embeddable":true,"href":"https:\/\/www.pharis.cz\/en\/wp-json\/wp\/v2\/tags?post=14549"}],"curies":[{"name":"wp","href":"https:\/\/api.w.org\/{rel}","templated":true}]}}