{"id":11502,"date":"2025-03-12T13:25:29","date_gmt":"2025-03-12T12:25:29","guid":{"rendered":"https:\/\/www.pharis.cz\/blog-en\/invitation-to-industry-week-brno-2025\/"},"modified":"2025-06-17T11:47:42","modified_gmt":"2025-06-17T09:47:42","slug":"invitation-to-industry-week-brno-2025","status":"publish","type":"post","link":"https:\/\/www.pharis.cz\/en\/blog-en\/invitation-to-industry-week-brno-2025\/","title":{"rendered":"Invitation to INDUSTRY WEEK BRNO 2025"},"content":{"rendered":"<p>Interested in the benefits of digitalizing production? Then you shouldn\u2019t miss BRNO INDUSTRY WEEK 2025!<\/p>\n<p><strong> From 8 to 10 April, <\/strong> an inspiring programme full of lectures, excursions and discussions on modern industry technologies awaits you. The event is organized by <a href=\"https:\/\/ic40.cz\/\">Industry Cluster 4.0<\/a>, of which our company is a proud member.<\/p>\n<p><strong>On Wednesday, April 9 at 11:00 a.m., <\/strong>don\u2019t miss the lecture featuring a <strong>case study \u201cHow the MES system transformed a company\u2019s efficiency\u201d<\/strong>, as part of the SMART MANUFACTURING FORUM. Here one of our key customers, Ing. Petr Valda, CEO of KASKO spol. s r.o., will speak alongside our CEO Tom\u00e1\u0161 Hradsk\u00fd. You\u2019ll gain real-world insights into the implementation of MES PHARIS and its practical benefits.<\/p>\n<p>Throughout the event, you\u2019ll find us at our booth in the foyer, where we\u2019ll be happy to answer your questions and demonstrate how MES PHARIS can take your production to the next level.<\/p>\n<p>For detailed information and registration, visit the conference website: <a href=\"https:\/\/industryweek.cz\/\" target=\"_blank\" rel=\"noopener\">INDUSTRY WEEK BRNO<\/a><\/p>\n<p>Register in time and be part of it! We look forward to meeting you and having engaging discussions.<\/p>\n","protected":false},"excerpt":{"rendered":"<p>Interested in the benefits of digitalizing production? Then you shouldn\u2019t miss BRNO INDUSTRY WEEK 2025! From 8 to 10 April, an inspiring programme full of lectures, excursions and discussions on modern industry technologies awaits you. The event is organized by Industry Cluster 4.0, of which our company is a proud member. On Wednesday, April 9 [&hellip;]<\/p>\n","protected":false},"author":10,"featured_media":11494,"comment_status":"closed","ping_status":"closed","sticky":false,"template":"","format":"standard","meta":{"footnotes":""},"categories":[78],"tags":[],"class_list":["post-11502","post","type-post","status-publish","format-standard","has-post-thumbnail","hentry","category-blog-en"],"yoast_head":"<!-- This site is optimized with the Yoast SEO plugin v27.4 - https:\/\/yoast.com\/product\/yoast-seo-wordpress\/ -->\n<title>Invitation to INDUSTRY WEEK BRNO 2025 - MES PHARIS<\/title>\n<meta name=\"robots\" content=\"index, follow, max-snippet:-1, max-image-preview:large, max-video-preview:-1\" \/>\n<link rel=\"canonical\" href=\"https:\/\/www.pharis.cz\/en\/blog-en\/invitation-to-industry-week-brno-2025\/\" \/>\n<meta property=\"og:locale\" content=\"en_US\" \/>\n<meta property=\"og:type\" content=\"article\" \/>\n<meta property=\"og:title\" content=\"Invitation to INDUSTRY WEEK BRNO 2025 - MES PHARIS\" \/>\n<meta property=\"og:description\" content=\"Interested in the benefits of digitalizing production? Then you shouldn\u2019t miss BRNO INDUSTRY WEEK 2025! From 8 to 10 April, an inspiring programme full of lectures, excursions and discussions on modern industry technologies awaits you. The event is organized by Industry Cluster 4.0, of which our company is a proud member. On Wednesday, April 9 [&hellip;]\" \/>\n<meta property=\"og:url\" content=\"https:\/\/www.pharis.cz\/en\/blog-en\/invitation-to-industry-week-brno-2025\/\" \/>\n<meta property=\"og:site_name\" content=\"MES PHARIS\" \/>\n<meta property=\"article:published_time\" content=\"2025-03-12T12:25:29+00:00\" \/>\n<meta property=\"article:modified_time\" content=\"2025-06-17T09:47:42+00:00\" \/>\n<meta property=\"og:image\" content=\"https:\/\/www.pharis.cz\/wp-content\/uploads\/2025\/03\/B.I.W._2025_1000x1000.jpg\" \/>\n\t<meta property=\"og:image:width\" content=\"1000\" \/>\n\t<meta property=\"og:image:height\" content=\"1000\" \/>\n\t<meta property=\"og:image:type\" content=\"image\/jpeg\" \/>\n<meta name=\"author\" content=\"Jaroslav K\u0159ikava\" \/>\n<meta name=\"twitter:card\" content=\"summary_large_image\" \/>\n<meta name=\"twitter:label1\" content=\"Written by\" \/>\n\t<meta name=\"twitter:data1\" content=\"Jaroslav K\u0159ikava\" \/>\n\t<meta name=\"twitter:label2\" content=\"Est. reading time\" \/>\n\t<meta name=\"twitter:data2\" content=\"2 minutes\" \/>\n<script type=\"application\/ld+json\" class=\"yoast-schema-graph\">{\"@context\":\"https:\\\/\\\/schema.org\",\"@graph\":[{\"@type\":\"Article\",\"@id\":\"https:\\\/\\\/www.pharis.cz\\\/en\\\/blog-en\\\/invitation-to-industry-week-brno-2025\\\/#article\",\"isPartOf\":{\"@id\":\"https:\\\/\\\/www.pharis.cz\\\/en\\\/blog-en\\\/invitation-to-industry-week-brno-2025\\\/\"},\"author\":{\"name\":\"Jaroslav K\u0159ikava\",\"@id\":\"https:\\\/\\\/www.pharis.cz\\\/en\\\/#\\\/schema\\\/person\\\/8340f9a2221e4ed84609373a499b7998\"},\"headline\":\"Invitation to INDUSTRY WEEK BRNO 2025\",\"datePublished\":\"2025-03-12T12:25:29+00:00\",\"dateModified\":\"2025-06-17T09:47:42+00:00\",\"mainEntityOfPage\":{\"@id\":\"https:\\\/\\\/www.pharis.cz\\\/en\\\/blog-en\\\/invitation-to-industry-week-brno-2025\\\/\"},\"wordCount\":187,\"image\":{\"@id\":\"https:\\\/\\\/www.pharis.cz\\\/en\\\/blog-en\\\/invitation-to-industry-week-brno-2025\\\/#primaryimage\"},\"thumbnailUrl\":\"https:\\\/\\\/www.pharis.cz\\\/wp-content\\\/uploads\\\/2025\\\/03\\\/B.I.W._2025_1000x1000.jpg\",\"articleSection\":[\"Blog\"],\"inLanguage\":\"en-US\"},{\"@type\":\"WebPage\",\"@id\":\"https:\\\/\\\/www.pharis.cz\\\/en\\\/blog-en\\\/invitation-to-industry-week-brno-2025\\\/\",\"url\":\"https:\\\/\\\/www.pharis.cz\\\/en\\\/blog-en\\\/invitation-to-industry-week-brno-2025\\\/\",\"name\":\"Invitation to INDUSTRY WEEK BRNO 2025 - MES PHARIS\",\"isPartOf\":{\"@id\":\"https:\\\/\\\/www.pharis.cz\\\/en\\\/#website\"},\"primaryImageOfPage\":{\"@id\":\"https:\\\/\\\/www.pharis.cz\\\/en\\\/blog-en\\\/invitation-to-industry-week-brno-2025\\\/#primaryimage\"},\"image\":{\"@id\":\"https:\\\/\\\/www.pharis.cz\\\/en\\\/blog-en\\\/invitation-to-industry-week-brno-2025\\\/#primaryimage\"},\"thumbnailUrl\":\"https:\\\/\\\/www.pharis.cz\\\/wp-content\\\/uploads\\\/2025\\\/03\\\/B.I.W._2025_1000x1000.jpg\",\"datePublished\":\"2025-03-12T12:25:29+00:00\",\"dateModified\":\"2025-06-17T09:47:42+00:00\",\"author\":{\"@id\":\"https:\\\/\\\/www.pharis.cz\\\/en\\\/#\\\/schema\\\/person\\\/8340f9a2221e4ed84609373a499b7998\"},\"breadcrumb\":{\"@id\":\"https:\\\/\\\/www.pharis.cz\\\/en\\\/blog-en\\\/invitation-to-industry-week-brno-2025\\\/#breadcrumb\"},\"inLanguage\":\"en-US\",\"potentialAction\":[{\"@type\":\"ReadAction\",\"target\":[\"https:\\\/\\\/www.pharis.cz\\\/en\\\/blog-en\\\/invitation-to-industry-week-brno-2025\\\/\"]}]},{\"@type\":\"ImageObject\",\"inLanguage\":\"en-US\",\"@id\":\"https:\\\/\\\/www.pharis.cz\\\/en\\\/blog-en\\\/invitation-to-industry-week-brno-2025\\\/#primaryimage\",\"url\":\"https:\\\/\\\/www.pharis.cz\\\/wp-content\\\/uploads\\\/2025\\\/03\\\/B.I.W._2025_1000x1000.jpg\",\"contentUrl\":\"https:\\\/\\\/www.pharis.cz\\\/wp-content\\\/uploads\\\/2025\\\/03\\\/B.I.W._2025_1000x1000.jpg\",\"width\":1000,\"height\":1000,\"caption\":\"Industry Week Brno 2025\"},{\"@type\":\"BreadcrumbList\",\"@id\":\"https:\\\/\\\/www.pharis.cz\\\/en\\\/blog-en\\\/invitation-to-industry-week-brno-2025\\\/#breadcrumb\",\"itemListElement\":[{\"@type\":\"ListItem\",\"position\":1,\"name\":\"Home\",\"item\":\"https:\\\/\\\/www.pharis.cz\\\/en\\\/\"},{\"@type\":\"ListItem\",\"position\":2,\"name\":\"Blog\",\"item\":\"https:\\\/\\\/www.pharis.cz\\\/en\\\/category\\\/blog-en\\\/\"},{\"@type\":\"ListItem\",\"position\":3,\"name\":\"Invitation to INDUSTRY WEEK BRNO 2025\"}]},{\"@type\":\"WebSite\",\"@id\":\"https:\\\/\\\/www.pharis.cz\\\/en\\\/#website\",\"url\":\"https:\\\/\\\/www.pharis.cz\\\/en\\\/\",\"name\":\"MES PHARIS\",\"description\":\"MES syst\u00e9m PHARIS pro efektivn\u00ed \u0159\u00edzen\u00ed v\u00fdroby\",\"potentialAction\":[{\"@type\":\"SearchAction\",\"target\":{\"@type\":\"EntryPoint\",\"urlTemplate\":\"https:\\\/\\\/www.pharis.cz\\\/en\\\/?s={search_term_string}\"},\"query-input\":{\"@type\":\"PropertyValueSpecification\",\"valueRequired\":true,\"valueName\":\"search_term_string\"}}],\"inLanguage\":\"en-US\"},{\"@type\":\"Person\",\"@id\":\"https:\\\/\\\/www.pharis.cz\\\/en\\\/#\\\/schema\\\/person\\\/8340f9a2221e4ed84609373a499b7998\",\"name\":\"Jaroslav K\u0159ikava\",\"image\":{\"@type\":\"ImageObject\",\"inLanguage\":\"en-US\",\"@id\":\"https:\\\/\\\/secure.gravatar.com\\\/avatar\\\/81a468e9b54ec55a3b98431f35f03e09d4799fb2b82440eb8d3ab93b8dc9ea00?s=96&d=mm&r=g\",\"url\":\"https:\\\/\\\/secure.gravatar.com\\\/avatar\\\/81a468e9b54ec55a3b98431f35f03e09d4799fb2b82440eb8d3ab93b8dc9ea00?s=96&d=mm&r=g\",\"contentUrl\":\"https:\\\/\\\/secure.gravatar.com\\\/avatar\\\/81a468e9b54ec55a3b98431f35f03e09d4799fb2b82440eb8d3ab93b8dc9ea00?s=96&d=mm&r=g\",\"caption\":\"Jaroslav K\u0159ikava\"}}]}<\/script>\n<!-- \/ Yoast SEO plugin. -->","yoast_head_json":{"title":"Invitation to INDUSTRY WEEK BRNO 2025 - MES PHARIS","robots":{"index":"index","follow":"follow","max-snippet":"max-snippet:-1","max-image-preview":"max-image-preview:large","max-video-preview":"max-video-preview:-1"},"canonical":"https:\/\/www.pharis.cz\/en\/blog-en\/invitation-to-industry-week-brno-2025\/","og_locale":"en_US","og_type":"article","og_title":"Invitation to INDUSTRY WEEK BRNO 2025 - MES PHARIS","og_description":"Interested in the benefits of digitalizing production? Then you shouldn\u2019t miss BRNO INDUSTRY WEEK 2025! From 8 to 10 April, an inspiring programme full of lectures, excursions and discussions on modern industry technologies awaits you. The event is organized by Industry Cluster 4.0, of which our company is a proud member. On Wednesday, April 9 [&hellip;]","og_url":"https:\/\/www.pharis.cz\/en\/blog-en\/invitation-to-industry-week-brno-2025\/","og_site_name":"MES PHARIS","article_published_time":"2025-03-12T12:25:29+00:00","article_modified_time":"2025-06-17T09:47:42+00:00","og_image":[{"width":1000,"height":1000,"url":"https:\/\/www.pharis.cz\/wp-content\/uploads\/2025\/03\/B.I.W._2025_1000x1000.jpg","type":"image\/jpeg"}],"author":"Jaroslav K\u0159ikava","twitter_card":"summary_large_image","twitter_misc":{"Written by":"Jaroslav K\u0159ikava","Est. reading time":"2 minutes"},"schema":{"@context":"https:\/\/schema.org","@graph":[{"@type":"Article","@id":"https:\/\/www.pharis.cz\/en\/blog-en\/invitation-to-industry-week-brno-2025\/#article","isPartOf":{"@id":"https:\/\/www.pharis.cz\/en\/blog-en\/invitation-to-industry-week-brno-2025\/"},"author":{"name":"Jaroslav K\u0159ikava","@id":"https:\/\/www.pharis.cz\/en\/#\/schema\/person\/8340f9a2221e4ed84609373a499b7998"},"headline":"Invitation to INDUSTRY WEEK BRNO 2025","datePublished":"2025-03-12T12:25:29+00:00","dateModified":"2025-06-17T09:47:42+00:00","mainEntityOfPage":{"@id":"https:\/\/www.pharis.cz\/en\/blog-en\/invitation-to-industry-week-brno-2025\/"},"wordCount":187,"image":{"@id":"https:\/\/www.pharis.cz\/en\/blog-en\/invitation-to-industry-week-brno-2025\/#primaryimage"},"thumbnailUrl":"https:\/\/www.pharis.cz\/wp-content\/uploads\/2025\/03\/B.I.W._2025_1000x1000.jpg","articleSection":["Blog"],"inLanguage":"en-US"},{"@type":"WebPage","@id":"https:\/\/www.pharis.cz\/en\/blog-en\/invitation-to-industry-week-brno-2025\/","url":"https:\/\/www.pharis.cz\/en\/blog-en\/invitation-to-industry-week-brno-2025\/","name":"Invitation to INDUSTRY WEEK BRNO 2025 - MES PHARIS","isPartOf":{"@id":"https:\/\/www.pharis.cz\/en\/#website"},"primaryImageOfPage":{"@id":"https:\/\/www.pharis.cz\/en\/blog-en\/invitation-to-industry-week-brno-2025\/#primaryimage"},"image":{"@id":"https:\/\/www.pharis.cz\/en\/blog-en\/invitation-to-industry-week-brno-2025\/#primaryimage"},"thumbnailUrl":"https:\/\/www.pharis.cz\/wp-content\/uploads\/2025\/03\/B.I.W._2025_1000x1000.jpg","datePublished":"2025-03-12T12:25:29+00:00","dateModified":"2025-06-17T09:47:42+00:00","author":{"@id":"https:\/\/www.pharis.cz\/en\/#\/schema\/person\/8340f9a2221e4ed84609373a499b7998"},"breadcrumb":{"@id":"https:\/\/www.pharis.cz\/en\/blog-en\/invitation-to-industry-week-brno-2025\/#breadcrumb"},"inLanguage":"en-US","potentialAction":[{"@type":"ReadAction","target":["https:\/\/www.pharis.cz\/en\/blog-en\/invitation-to-industry-week-brno-2025\/"]}]},{"@type":"ImageObject","inLanguage":"en-US","@id":"https:\/\/www.pharis.cz\/en\/blog-en\/invitation-to-industry-week-brno-2025\/#primaryimage","url":"https:\/\/www.pharis.cz\/wp-content\/uploads\/2025\/03\/B.I.W._2025_1000x1000.jpg","contentUrl":"https:\/\/www.pharis.cz\/wp-content\/uploads\/2025\/03\/B.I.W._2025_1000x1000.jpg","width":1000,"height":1000,"caption":"Industry Week Brno 2025"},{"@type":"BreadcrumbList","@id":"https:\/\/www.pharis.cz\/en\/blog-en\/invitation-to-industry-week-brno-2025\/#breadcrumb","itemListElement":[{"@type":"ListItem","position":1,"name":"Home","item":"https:\/\/www.pharis.cz\/en\/"},{"@type":"ListItem","position":2,"name":"Blog","item":"https:\/\/www.pharis.cz\/en\/category\/blog-en\/"},{"@type":"ListItem","position":3,"name":"Invitation to INDUSTRY WEEK BRNO 2025"}]},{"@type":"WebSite","@id":"https:\/\/www.pharis.cz\/en\/#website","url":"https:\/\/www.pharis.cz\/en\/","name":"MES PHARIS","description":"MES syst\u00e9m PHARIS pro efektivn\u00ed \u0159\u00edzen\u00ed v\u00fdroby","potentialAction":[{"@type":"SearchAction","target":{"@type":"EntryPoint","urlTemplate":"https:\/\/www.pharis.cz\/en\/?s={search_term_string}"},"query-input":{"@type":"PropertyValueSpecification","valueRequired":true,"valueName":"search_term_string"}}],"inLanguage":"en-US"},{"@type":"Person","@id":"https:\/\/www.pharis.cz\/en\/#\/schema\/person\/8340f9a2221e4ed84609373a499b7998","name":"Jaroslav K\u0159ikava","image":{"@type":"ImageObject","inLanguage":"en-US","@id":"https:\/\/secure.gravatar.com\/avatar\/81a468e9b54ec55a3b98431f35f03e09d4799fb2b82440eb8d3ab93b8dc9ea00?s=96&d=mm&r=g","url":"https:\/\/secure.gravatar.com\/avatar\/81a468e9b54ec55a3b98431f35f03e09d4799fb2b82440eb8d3ab93b8dc9ea00?s=96&d=mm&r=g","contentUrl":"https:\/\/secure.gravatar.com\/avatar\/81a468e9b54ec55a3b98431f35f03e09d4799fb2b82440eb8d3ab93b8dc9ea00?s=96&d=mm&r=g","caption":"Jaroslav K\u0159ikava"}}]}},"_links":{"self":[{"href":"https:\/\/www.pharis.cz\/en\/wp-json\/wp\/v2\/posts\/11502","targetHints":{"allow":["GET"]}}],"collection":[{"href":"https:\/\/www.pharis.cz\/en\/wp-json\/wp\/v2\/posts"}],"about":[{"href":"https:\/\/www.pharis.cz\/en\/wp-json\/wp\/v2\/types\/post"}],"author":[{"embeddable":true,"href":"https:\/\/www.pharis.cz\/en\/wp-json\/wp\/v2\/users\/10"}],"replies":[{"embeddable":true,"href":"https:\/\/www.pharis.cz\/en\/wp-json\/wp\/v2\/comments?post=11502"}],"version-history":[{"count":1,"href":"https:\/\/www.pharis.cz\/en\/wp-json\/wp\/v2\/posts\/11502\/revisions"}],"predecessor-version":[{"id":13141,"href":"https:\/\/www.pharis.cz\/en\/wp-json\/wp\/v2\/posts\/11502\/revisions\/13141"}],"wp:featuredmedia":[{"embeddable":true,"href":"https:\/\/www.pharis.cz\/en\/wp-json\/wp\/v2\/media\/11494"}],"wp:attachment":[{"href":"https:\/\/www.pharis.cz\/en\/wp-json\/wp\/v2\/media?parent=11502"}],"wp:term":[{"taxonomy":"category","embeddable":true,"href":"https:\/\/www.pharis.cz\/en\/wp-json\/wp\/v2\/categories?post=11502"},{"taxonomy":"post_tag","embeddable":true,"href":"https:\/\/www.pharis.cz\/en\/wp-json\/wp\/v2\/tags?post=11502"}],"curies":[{"name":"wp","href":"https:\/\/api.w.org\/{rel}","templated":true}]}}